{"id":2178,"date":"2026-04-17T11:00:53","date_gmt":"2026-04-17T09:00:53","guid":{"rendered":"https:\/\/fundacioseira.coop\/?p=2178"},"modified":"2026-04-17T11:10:41","modified_gmt":"2026-04-17T09:10:41","slug":"hito-europeo-en-finanzas-eticas-seira-e-impakteu-impulsan-som-mobilitat-mediante-una-operacion-pionera","status":"publish","type":"post","link":"https:\/\/fundacioseira.coop\/es\/hito-europeo-en-finanzas-eticas-seira-e-impakteu-impulsan-som-mobilitat-mediante-una-operacion-pionera\/","title":{"rendered":"La nueva etapa de Financoop consolida la alianza entre finanzas \u00e9ticas, cooperativas y administraci\u00f3n p\u00fablica"},"content":{"rendered":"<div class=\"wpb-content-wrapper\"><p>[vc_section][vc_row][vc_column][vc_column_text css=\u00bb\u00bb]<span style=\"font-size: inherit;\">Participamos en el acto de presentaci\u00f3n de la nueva etapa de la Red Financoop, un encuentro que marca un punto de inflexi\u00f3n para la financiaci\u00f3n cooperativa y de la econom\u00eda social en Catalu\u00f1a. El acto, celebrado en el <a href=\"https:\/\/www.coleconomistes.cat\/Paginas\/Ficha.aspx?IdMenu=A2238BD0-3048-4D9D-AB8C-C91C6FDFD475&amp;Idioma=ca-ES\">Colegio de Economistas de Barcelona<\/a>, sirvi\u00f3 para poner en valor la necesidad de reforzar los instrumentos financieros del sector y consolidar un espacio estable de coordinaci\u00f3n, asesoramiento e impulso de nuevas herramientas al servicio de las cooperativas y entidades de la econom\u00eda social.<\/span><\/p>\n<div>\n<p><img loading=\"lazy\" decoding=\"async\" class=\" wp-image-2199 aligncenter\" src=\"https:\/\/fundacioseira.coop\/wp-content\/uploads\/2026\/04\/WhatsApp-Image-2026-03-20-at-12.28.21-300x200.jpeg\" alt=\"\" width=\"552\" height=\"368\" srcset=\"https:\/\/fundacioseira.coop\/wp-content\/uploads\/2026\/04\/WhatsApp-Image-2026-03-20-at-12.28.21-300x200.jpeg 300w, https:\/\/fundacioseira.coop\/wp-content\/uploads\/2026\/04\/WhatsApp-Image-2026-03-20-at-12.28.21-1024x682.jpeg 1024w, https:\/\/fundacioseira.coop\/wp-content\/uploads\/2026\/04\/WhatsApp-Image-2026-03-20-at-12.28.21-768x512.jpeg 768w, https:\/\/fundacioseira.coop\/wp-content\/uploads\/2026\/04\/WhatsApp-Image-2026-03-20-at-12.28.21-1536x1023.jpeg 1536w, https:\/\/fundacioseira.coop\/wp-content\/uploads\/2026\/04\/WhatsApp-Image-2026-03-20-at-12.28.21.jpeg 1600w\" sizes=\"auto, (max-width: 552px) 100vw, 552px\" \/><\/p>\n<p>Esta refundaci\u00f3n consolida Financoop como una red de referencia para dar respuesta a los retos econ\u00f3micos actuales con una mirada transformadora y orientada al bien com\u00fan.<\/p>\n<p>Durante el acto se destac\u00f3 Financoop como un espacio clave de coordinaci\u00f3n de la financiaci\u00f3n cooperativa y se identificaron las principales carencias financieras del sector. Ante este contexto, la red apuesta por reforzar las herramientas existentes, impulsar nuevos instrumentos y mejorar el acompa\u00f1amiento y la intercooperaci\u00f3n para apoyar proyectos con impacto social.<\/p>\n<p><img loading=\"lazy\" decoding=\"async\" class=\" wp-image-2197 aligncenter\" src=\"https:\/\/fundacioseira.coop\/wp-content\/uploads\/2026\/04\/WhatsApp-Image-2026-03-20-at-12.03.11-1-300x200.jpeg\" alt=\"\" width=\"529\" height=\"352\" srcset=\"https:\/\/fundacioseira.coop\/wp-content\/uploads\/2026\/04\/WhatsApp-Image-2026-03-20-at-12.03.11-1-300x200.jpeg 300w, https:\/\/fundacioseira.coop\/wp-content\/uploads\/2026\/04\/WhatsApp-Image-2026-03-20-at-12.03.11-1-1024x682.jpeg 1024w, https:\/\/fundacioseira.coop\/wp-content\/uploads\/2026\/04\/WhatsApp-Image-2026-03-20-at-12.03.11-1-768x512.jpeg 768w, https:\/\/fundacioseira.coop\/wp-content\/uploads\/2026\/04\/WhatsApp-Image-2026-03-20-at-12.03.11-1-1536x1023.jpeg 1536w, https:\/\/fundacioseira.coop\/wp-content\/uploads\/2026\/04\/WhatsApp-Image-2026-03-20-at-12.03.11-1.jpeg 1600w\" sizes=\"auto, (max-width: 529px) 100vw, 529px\" \/><\/p>\n<p>La firma del memor\u00e1ndum de adhesi\u00f3n formaliz\u00f3 el compromiso de las entidades que impulsamos esta nueva etapa de Financoop, entre las que se encuentran la administraci\u00f3n p\u00fablica, entidades financieras \u00e9ticas y cooperativas, secciones de cr\u00e9dito y fundaciones vinculadas a la econom\u00eda social. Desde Seira Impuls Cooperatiu, reafirmamos as\u00ed nuestro papel como herramienta financiera al servicio del cooperativismo y nuestro compromiso con el desarrollo de un ecosistema financiero m\u00e1s fuerte, coordinado y orientado a dar respuesta a las necesidades reales del sector.<\/p>\n<p>Con la refundaci\u00f3n de la Red Financoop, avanzamos colectivamente para ganar m\u00fasculo financiero, reforzar la solvencia de las cooperativas y contribuir activamente a una econom\u00eda m\u00e1s justa, arraigada al territorio y centrada en las personas.<\/p>\n<p><img loading=\"lazy\" decoding=\"async\" class=\" wp-image-2200 aligncenter\" src=\"https:\/\/fundacioseira.coop\/wp-content\/uploads\/2026\/04\/909A5279-2-300x200.jpg\" alt=\"\" width=\"564\" height=\"376\" srcset=\"https:\/\/fundacioseira.coop\/wp-content\/uploads\/2026\/04\/909A5279-2-300x200.jpg 300w, https:\/\/fundacioseira.coop\/wp-content\/uploads\/2026\/04\/909A5279-2-1024x683.jpg 1024w, https:\/\/fundacioseira.coop\/wp-content\/uploads\/2026\/04\/909A5279-2-768x512.jpg 768w, https:\/\/fundacioseira.coop\/wp-content\/uploads\/2026\/04\/909A5279-2-1536x1024.jpg 1536w, https:\/\/fundacioseira.coop\/wp-content\/uploads\/2026\/04\/909A5279-2-2048x1365.jpg 2048w\" sizes=\"auto, (max-width: 564px) 100vw, 564px\" \/><\/p>\n<p>Entidades adheridas al memor\u00e1ndum:<\/p>\n<ol>\n<li><a href=\"https:\/\/www.fiarebancaetica.coop\/ca\/\">Fiare Banca \u00c8tica<\/a><\/li>\n<li><a href=\"https:\/\/www.cajamar.es\/es\/comun\/\">Cajamar<\/a><\/li>\n<li><a href=\"https:\/\/treball.gencat.cat\/ca\/informacio\/proteccio-dades\/tractaments\/llistat-unitats\/economia-social\/\">Departament d\u2019Economia Social de la Generalitat de Catalunya<\/a><\/li>\n<li><a href=\"https:\/\/www.caixaguissona.com\/\">Caixa Guissona<\/a><\/li>\n<li><a href=\"https:\/\/www.caixaenginyers.com\/\">Caixa Enginyers<\/a><\/li>\n<li><a href=\"https:\/\/www.laboralkutxa.com\/es\/\">Laboral Kutxa<\/a><\/li>\n<li><a href=\"https:\/\/fundacioseira.coop\/es\/\">Seira Impuls Cooperatiu<\/a><\/li>\n<li><a href=\"https:\/\/coop57.coop\/ca\/catalunya\">Coop57<\/a><\/li>\n<li><a href=\"https:\/\/www.icf.cat\/ca\">Institut Catal\u00e0 de Finances<\/a><\/li>\n<li><a href=\"https:\/\/www.cooperativesagraries.cat\/ca\/lassociacio-de-seccions-de-credit.html\">Associaci\u00f3 de Seccions de Cr\u00e8dit (ASC)<\/a><\/li>\n<\/ol>\n<\/div>\n<p>[\/vc_column_text][\/vc_column][\/vc_row][\/vc_section]<\/p>\n<\/div>","protected":false},"excerpt":{"rendered":"<p>[vc_section][vc_row][vc_column][vc_column_text css=\u00bb\u00bb]Participamos en el acto de presentaci\u00f3n de la nueva etapa de la Red Financoop, un encuentro que marca un punto de inflexi\u00f3n para la financiaci\u00f3n cooperativa y de la econom\u00eda social en Catalu\u00f1a. El acto, celebrado en el Colegio de Economistas de Barcelona, sirvi\u00f3 para poner en valor la necesidad de reforzar los instrumentos &#8230; <a title=\"La nueva etapa de Financoop consolida la alianza entre finanzas \u00e9ticas, cooperativas y administraci\u00f3n p\u00fablica\" class=\"read-more\" href=\"https:\/\/fundacioseira.coop\/es\/hito-europeo-en-finanzas-eticas-seira-e-impakteu-impulsan-som-mobilitat-mediante-una-operacion-pionera\/\" aria-label=\"Leer m\u00e1s sobre La nueva etapa de Financoop consolida la alianza entre finanzas \u00e9ticas, cooperativas y administraci\u00f3n p\u00fablica\">Leer m\u00e1s<\/a><\/p>\n","protected":false},"author":5,"featured_media":2187,"comment_status":"closed","ping_status":"closed","sticky":false,"template":"","format":"standard","meta":{"_acf_changed":false,"footnotes":""},"categories":[28],"tags":[],"class_list":["post-2178","post","type-post","status-publish","format-standard","has-post-thumbnail","hentry","category-noticias","generate-columns","tablet-grid-50","mobile-grid-100","grid-parent","grid-25"],"acf":[],"yoast_head":"<!-- This site is optimized with the Yoast SEO plugin v27.5 - https:\/\/yoast.com\/product\/yoast-seo-wordpress\/ -->\n<title>La nueva etapa de Financoop consolida la alianza entre finanzas \u00e9ticas, cooperativas y administraci\u00f3n p\u00fablica - Fundaci\u00f3 SEIRA<\/title>\n<meta name=\"description\" content=\"Acto para poner en valor la necesidad de reforzar los instrumentos financieros del sector y consolidar un espacio estable de coordinaci\u00f3n, asesoramiento e impulso de nuevas herramientas al servicio de las cooperativas y entidades de la econom\u00eda social.\" \/>\n<meta name=\"robots\" content=\"index, follow, max-snippet:-1, max-image-preview:large, max-video-preview:-1\" \/>\n<link rel=\"canonical\" href=\"https:\/\/fundacioseira.coop\/es\/hito-europeo-en-finanzas-eticas-seira-e-impakteu-impulsan-som-mobilitat-mediante-una-operacion-pionera\/\" \/>\n<meta property=\"og:locale\" content=\"es_ES\" \/>\n<meta property=\"og:type\" content=\"article\" \/>\n<meta property=\"og:title\" content=\"La nueva etapa de Financoop consolida la alianza entre finanzas \u00e9ticas, cooperativas y administraci\u00f3n p\u00fablica - Fundaci\u00f3 SEIRA\" \/>\n<meta property=\"og:description\" content=\"Acto para poner en valor la necesidad de reforzar los instrumentos financieros del sector y consolidar un espacio estable de coordinaci\u00f3n, asesoramiento e impulso de nuevas herramientas al servicio de las cooperativas y entidades de la econom\u00eda social.\" \/>\n<meta property=\"og:url\" content=\"https:\/\/fundacioseira.coop\/es\/hito-europeo-en-finanzas-eticas-seira-e-impakteu-impulsan-som-mobilitat-mediante-una-operacion-pionera\/\" \/>\n<meta property=\"og:site_name\" content=\"Fundaci\u00f3 SEIRA\" \/>\n<meta property=\"article:published_time\" content=\"2026-04-17T09:00:53+00:00\" \/>\n<meta property=\"article:modified_time\" content=\"2026-04-17T09:10:41+00:00\" \/>\n<meta property=\"og:image\" content=\"https:\/\/fundacioseira.coop\/wp-content\/uploads\/2026\/04\/909A4815-scaled.jpg\" \/>\n\t<meta property=\"og:image:width\" content=\"2560\" \/>\n\t<meta property=\"og:image:height\" content=\"1707\" \/>\n\t<meta property=\"og:image:type\" content=\"image\/jpeg\" \/>\n<meta name=\"author\" content=\"Marta Seira\" \/>\n<meta name=\"twitter:card\" content=\"summary_large_image\" \/>\n<meta name=\"twitter:label1\" content=\"Escrito por\" \/>\n\t<meta name=\"twitter:data1\" content=\"Marta Seira\" \/>\n\t<meta name=\"twitter:label2\" content=\"Tiempo de lectura\" \/>\n\t<meta name=\"twitter:data2\" content=\"3 minutos\" \/>\n<script type=\"application\/ld+json\" class=\"yoast-schema-graph\">{\"@context\":\"https:\\\/\\\/schema.org\",\"@graph\":[{\"@type\":\"Article\",\"@id\":\"https:\\\/\\\/fundacioseira.coop\\\/es\\\/hito-europeo-en-finanzas-eticas-seira-e-impakteu-impulsan-som-mobilitat-mediante-una-operacion-pionera\\\/#article\",\"isPartOf\":{\"@id\":\"https:\\\/\\\/fundacioseira.coop\\\/es\\\/hito-europeo-en-finanzas-eticas-seira-e-impakteu-impulsan-som-mobilitat-mediante-una-operacion-pionera\\\/\"},\"author\":{\"name\":\"Marta Seira\",\"@id\":\"https:\\\/\\\/fundacioseira.coop\\\/es\\\/#\\\/schema\\\/person\\\/c9ef82933a2e0d82baf8edc55f1c6027\"},\"headline\":\"La nueva etapa de Financoop consolida la alianza entre finanzas \u00e9ticas, cooperativas y administraci\u00f3n p\u00fablica\",\"datePublished\":\"2026-04-17T09:00:53+00:00\",\"dateModified\":\"2026-04-17T09:10:41+00:00\",\"mainEntityOfPage\":{\"@id\":\"https:\\\/\\\/fundacioseira.coop\\\/es\\\/hito-europeo-en-finanzas-eticas-seira-e-impakteu-impulsan-som-mobilitat-mediante-una-operacion-pionera\\\/\"},\"wordCount\":375,\"publisher\":{\"@id\":\"https:\\\/\\\/fundacioseira.coop\\\/es\\\/#organization\"},\"image\":{\"@id\":\"https:\\\/\\\/fundacioseira.coop\\\/es\\\/hito-europeo-en-finanzas-eticas-seira-e-impakteu-impulsan-som-mobilitat-mediante-una-operacion-pionera\\\/#primaryimage\"},\"thumbnailUrl\":\"https:\\\/\\\/fundacioseira.coop\\\/wp-content\\\/uploads\\\/2026\\\/04\\\/909A4815-scaled.jpg\",\"articleSection\":[\"Noticias\"],\"inLanguage\":\"es\"},{\"@type\":\"WebPage\",\"@id\":\"https:\\\/\\\/fundacioseira.coop\\\/es\\\/hito-europeo-en-finanzas-eticas-seira-e-impakteu-impulsan-som-mobilitat-mediante-una-operacion-pionera\\\/\",\"url\":\"https:\\\/\\\/fundacioseira.coop\\\/es\\\/hito-europeo-en-finanzas-eticas-seira-e-impakteu-impulsan-som-mobilitat-mediante-una-operacion-pionera\\\/\",\"name\":\"La nueva etapa de Financoop consolida la alianza entre finanzas \u00e9ticas, cooperativas y administraci\u00f3n p\u00fablica - Fundaci\u00f3 SEIRA\",\"isPartOf\":{\"@id\":\"https:\\\/\\\/fundacioseira.coop\\\/es\\\/#website\"},\"primaryImageOfPage\":{\"@id\":\"https:\\\/\\\/fundacioseira.coop\\\/es\\\/hito-europeo-en-finanzas-eticas-seira-e-impakteu-impulsan-som-mobilitat-mediante-una-operacion-pionera\\\/#primaryimage\"},\"image\":{\"@id\":\"https:\\\/\\\/fundacioseira.coop\\\/es\\\/hito-europeo-en-finanzas-eticas-seira-e-impakteu-impulsan-som-mobilitat-mediante-una-operacion-pionera\\\/#primaryimage\"},\"thumbnailUrl\":\"https:\\\/\\\/fundacioseira.coop\\\/wp-content\\\/uploads\\\/2026\\\/04\\\/909A4815-scaled.jpg\",\"datePublished\":\"2026-04-17T09:00:53+00:00\",\"dateModified\":\"2026-04-17T09:10:41+00:00\",\"description\":\"Acto para poner en valor la necesidad de reforzar los instrumentos financieros del sector y consolidar un espacio estable de coordinaci\u00f3n, asesoramiento e impulso de nuevas herramientas al servicio de las cooperativas y entidades de la econom\u00eda social.\",\"breadcrumb\":{\"@id\":\"https:\\\/\\\/fundacioseira.coop\\\/es\\\/hito-europeo-en-finanzas-eticas-seira-e-impakteu-impulsan-som-mobilitat-mediante-una-operacion-pionera\\\/#breadcrumb\"},\"inLanguage\":\"es\",\"potentialAction\":[{\"@type\":\"ReadAction\",\"target\":[\"https:\\\/\\\/fundacioseira.coop\\\/es\\\/hito-europeo-en-finanzas-eticas-seira-e-impakteu-impulsan-som-mobilitat-mediante-una-operacion-pionera\\\/\"]}]},{\"@type\":\"ImageObject\",\"inLanguage\":\"es\",\"@id\":\"https:\\\/\\\/fundacioseira.coop\\\/es\\\/hito-europeo-en-finanzas-eticas-seira-e-impakteu-impulsan-som-mobilitat-mediante-una-operacion-pionera\\\/#primaryimage\",\"url\":\"https:\\\/\\\/fundacioseira.coop\\\/wp-content\\\/uploads\\\/2026\\\/04\\\/909A4815-scaled.jpg\",\"contentUrl\":\"https:\\\/\\\/fundacioseira.coop\\\/wp-content\\\/uploads\\\/2026\\\/04\\\/909A4815-scaled.jpg\",\"width\":2560,\"height\":1707},{\"@type\":\"BreadcrumbList\",\"@id\":\"https:\\\/\\\/fundacioseira.coop\\\/es\\\/hito-europeo-en-finanzas-eticas-seira-e-impakteu-impulsan-som-mobilitat-mediante-una-operacion-pionera\\\/#breadcrumb\",\"itemListElement\":[{\"@type\":\"ListItem\",\"position\":1,\"name\":\"Inici\",\"item\":\"https:\\\/\\\/fundacioseira.coop\\\/es\\\/\"},{\"@type\":\"ListItem\",\"position\":2,\"name\":\"La nueva etapa de Financoop consolida la alianza entre finanzas \u00e9ticas, cooperativas y administraci\u00f3n p\u00fablica\"}]},{\"@type\":\"WebSite\",\"@id\":\"https:\\\/\\\/fundacioseira.coop\\\/es\\\/#website\",\"url\":\"https:\\\/\\\/fundacioseira.coop\\\/es\\\/\",\"name\":\"Fundaci\u00f3 SEIRA\",\"description\":\"\",\"publisher\":{\"@id\":\"https:\\\/\\\/fundacioseira.coop\\\/es\\\/#organization\"},\"potentialAction\":[{\"@type\":\"SearchAction\",\"target\":{\"@type\":\"EntryPoint\",\"urlTemplate\":\"https:\\\/\\\/fundacioseira.coop\\\/es\\\/?s={search_term_string}\"},\"query-input\":{\"@type\":\"PropertyValueSpecification\",\"valueRequired\":true,\"valueName\":\"search_term_string\"}}],\"inLanguage\":\"es\"},{\"@type\":\"Organization\",\"@id\":\"https:\\\/\\\/fundacioseira.coop\\\/es\\\/#organization\",\"name\":\"Fundaci\u00f3 SEIRA\",\"url\":\"https:\\\/\\\/fundacioseira.coop\\\/es\\\/\",\"logo\":{\"@type\":\"ImageObject\",\"inLanguage\":\"es\",\"@id\":\"https:\\\/\\\/fundacioseira.coop\\\/es\\\/#\\\/schema\\\/logo\\\/image\\\/\",\"url\":\"https:\\\/\\\/fundacioseira.coop\\\/wp-content\\\/uploads\\\/2026\\\/02\\\/Seira_IC1_White.png\",\"contentUrl\":\"https:\\\/\\\/fundacioseira.coop\\\/wp-content\\\/uploads\\\/2026\\\/02\\\/Seira_IC1_White.png\",\"width\":1417,\"height\":531,\"caption\":\"Fundaci\u00f3 SEIRA\"},\"image\":{\"@id\":\"https:\\\/\\\/fundacioseira.coop\\\/es\\\/#\\\/schema\\\/logo\\\/image\\\/\"}},{\"@type\":\"Person\",\"@id\":\"https:\\\/\\\/fundacioseira.coop\\\/es\\\/#\\\/schema\\\/person\\\/c9ef82933a2e0d82baf8edc55f1c6027\",\"name\":\"Marta Seira\",\"image\":{\"@type\":\"ImageObject\",\"inLanguage\":\"es\",\"@id\":\"https:\\\/\\\/secure.gravatar.com\\\/avatar\\\/feeee7e53723e2f9099f75a4a0b9deb1f888b5256e7e04efbaae7deca7142bbb?s=96&d=mm&r=g\",\"url\":\"https:\\\/\\\/secure.gravatar.com\\\/avatar\\\/feeee7e53723e2f9099f75a4a0b9deb1f888b5256e7e04efbaae7deca7142bbb?s=96&d=mm&r=g\",\"contentUrl\":\"https:\\\/\\\/secure.gravatar.com\\\/avatar\\\/feeee7e53723e2f9099f75a4a0b9deb1f888b5256e7e04efbaae7deca7142bbb?s=96&d=mm&r=g\",\"caption\":\"Marta Seira\"}}]}<\/script>\n<!-- \/ Yoast SEO plugin. -->","yoast_head_json":{"title":"La nueva etapa de Financoop consolida la alianza entre finanzas \u00e9ticas, cooperativas y administraci\u00f3n p\u00fablica - Fundaci\u00f3 SEIRA","description":"Acto para poner en valor la necesidad de reforzar los instrumentos financieros del sector y consolidar un espacio estable de coordinaci\u00f3n, asesoramiento e impulso de nuevas herramientas al servicio de las cooperativas y entidades de la econom\u00eda social.","robots":{"index":"index","follow":"follow","max-snippet":"max-snippet:-1","max-image-preview":"max-image-preview:large","max-video-preview":"max-video-preview:-1"},"canonical":"https:\/\/fundacioseira.coop\/es\/hito-europeo-en-finanzas-eticas-seira-e-impakteu-impulsan-som-mobilitat-mediante-una-operacion-pionera\/","og_locale":"es_ES","og_type":"article","og_title":"La nueva etapa de Financoop consolida la alianza entre finanzas \u00e9ticas, cooperativas y administraci\u00f3n p\u00fablica - Fundaci\u00f3 SEIRA","og_description":"Acto para poner en valor la necesidad de reforzar los instrumentos financieros del sector y consolidar un espacio estable de coordinaci\u00f3n, asesoramiento e impulso de nuevas herramientas al servicio de las cooperativas y entidades de la econom\u00eda social.","og_url":"https:\/\/fundacioseira.coop\/es\/hito-europeo-en-finanzas-eticas-seira-e-impakteu-impulsan-som-mobilitat-mediante-una-operacion-pionera\/","og_site_name":"Fundaci\u00f3 SEIRA","article_published_time":"2026-04-17T09:00:53+00:00","article_modified_time":"2026-04-17T09:10:41+00:00","og_image":[{"width":2560,"height":1707,"url":"https:\/\/fundacioseira.coop\/wp-content\/uploads\/2026\/04\/909A4815-scaled.jpg","type":"image\/jpeg"}],"author":"Marta Seira","twitter_card":"summary_large_image","twitter_misc":{"Escrito por":"Marta Seira","Tiempo de lectura":"3 minutos"},"schema":{"@context":"https:\/\/schema.org","@graph":[{"@type":"Article","@id":"https:\/\/fundacioseira.coop\/es\/hito-europeo-en-finanzas-eticas-seira-e-impakteu-impulsan-som-mobilitat-mediante-una-operacion-pionera\/#article","isPartOf":{"@id":"https:\/\/fundacioseira.coop\/es\/hito-europeo-en-finanzas-eticas-seira-e-impakteu-impulsan-som-mobilitat-mediante-una-operacion-pionera\/"},"author":{"name":"Marta Seira","@id":"https:\/\/fundacioseira.coop\/es\/#\/schema\/person\/c9ef82933a2e0d82baf8edc55f1c6027"},"headline":"La nueva etapa de Financoop consolida la alianza entre finanzas \u00e9ticas, cooperativas y administraci\u00f3n p\u00fablica","datePublished":"2026-04-17T09:00:53+00:00","dateModified":"2026-04-17T09:10:41+00:00","mainEntityOfPage":{"@id":"https:\/\/fundacioseira.coop\/es\/hito-europeo-en-finanzas-eticas-seira-e-impakteu-impulsan-som-mobilitat-mediante-una-operacion-pionera\/"},"wordCount":375,"publisher":{"@id":"https:\/\/fundacioseira.coop\/es\/#organization"},"image":{"@id":"https:\/\/fundacioseira.coop\/es\/hito-europeo-en-finanzas-eticas-seira-e-impakteu-impulsan-som-mobilitat-mediante-una-operacion-pionera\/#primaryimage"},"thumbnailUrl":"https:\/\/fundacioseira.coop\/wp-content\/uploads\/2026\/04\/909A4815-scaled.jpg","articleSection":["Noticias"],"inLanguage":"es"},{"@type":"WebPage","@id":"https:\/\/fundacioseira.coop\/es\/hito-europeo-en-finanzas-eticas-seira-e-impakteu-impulsan-som-mobilitat-mediante-una-operacion-pionera\/","url":"https:\/\/fundacioseira.coop\/es\/hito-europeo-en-finanzas-eticas-seira-e-impakteu-impulsan-som-mobilitat-mediante-una-operacion-pionera\/","name":"La nueva etapa de Financoop consolida la alianza entre finanzas \u00e9ticas, cooperativas y administraci\u00f3n p\u00fablica - Fundaci\u00f3 SEIRA","isPartOf":{"@id":"https:\/\/fundacioseira.coop\/es\/#website"},"primaryImageOfPage":{"@id":"https:\/\/fundacioseira.coop\/es\/hito-europeo-en-finanzas-eticas-seira-e-impakteu-impulsan-som-mobilitat-mediante-una-operacion-pionera\/#primaryimage"},"image":{"@id":"https:\/\/fundacioseira.coop\/es\/hito-europeo-en-finanzas-eticas-seira-e-impakteu-impulsan-som-mobilitat-mediante-una-operacion-pionera\/#primaryimage"},"thumbnailUrl":"https:\/\/fundacioseira.coop\/wp-content\/uploads\/2026\/04\/909A4815-scaled.jpg","datePublished":"2026-04-17T09:00:53+00:00","dateModified":"2026-04-17T09:10:41+00:00","description":"Acto para poner en valor la necesidad de reforzar los instrumentos financieros del sector y consolidar un espacio estable de coordinaci\u00f3n, asesoramiento e impulso de nuevas herramientas al servicio de las cooperativas y entidades de la econom\u00eda social.","breadcrumb":{"@id":"https:\/\/fundacioseira.coop\/es\/hito-europeo-en-finanzas-eticas-seira-e-impakteu-impulsan-som-mobilitat-mediante-una-operacion-pionera\/#breadcrumb"},"inLanguage":"es","potentialAction":[{"@type":"ReadAction","target":["https:\/\/fundacioseira.coop\/es\/hito-europeo-en-finanzas-eticas-seira-e-impakteu-impulsan-som-mobilitat-mediante-una-operacion-pionera\/"]}]},{"@type":"ImageObject","inLanguage":"es","@id":"https:\/\/fundacioseira.coop\/es\/hito-europeo-en-finanzas-eticas-seira-e-impakteu-impulsan-som-mobilitat-mediante-una-operacion-pionera\/#primaryimage","url":"https:\/\/fundacioseira.coop\/wp-content\/uploads\/2026\/04\/909A4815-scaled.jpg","contentUrl":"https:\/\/fundacioseira.coop\/wp-content\/uploads\/2026\/04\/909A4815-scaled.jpg","width":2560,"height":1707},{"@type":"BreadcrumbList","@id":"https:\/\/fundacioseira.coop\/es\/hito-europeo-en-finanzas-eticas-seira-e-impakteu-impulsan-som-mobilitat-mediante-una-operacion-pionera\/#breadcrumb","itemListElement":[{"@type":"ListItem","position":1,"name":"Inici","item":"https:\/\/fundacioseira.coop\/es\/"},{"@type":"ListItem","position":2,"name":"La nueva etapa de Financoop consolida la alianza entre finanzas \u00e9ticas, cooperativas y administraci\u00f3n p\u00fablica"}]},{"@type":"WebSite","@id":"https:\/\/fundacioseira.coop\/es\/#website","url":"https:\/\/fundacioseira.coop\/es\/","name":"Fundaci\u00f3 SEIRA","description":"","publisher":{"@id":"https:\/\/fundacioseira.coop\/es\/#organization"},"potentialAction":[{"@type":"SearchAction","target":{"@type":"EntryPoint","urlTemplate":"https:\/\/fundacioseira.coop\/es\/?s={search_term_string}"},"query-input":{"@type":"PropertyValueSpecification","valueRequired":true,"valueName":"search_term_string"}}],"inLanguage":"es"},{"@type":"Organization","@id":"https:\/\/fundacioseira.coop\/es\/#organization","name":"Fundaci\u00f3 SEIRA","url":"https:\/\/fundacioseira.coop\/es\/","logo":{"@type":"ImageObject","inLanguage":"es","@id":"https:\/\/fundacioseira.coop\/es\/#\/schema\/logo\/image\/","url":"https:\/\/fundacioseira.coop\/wp-content\/uploads\/2026\/02\/Seira_IC1_White.png","contentUrl":"https:\/\/fundacioseira.coop\/wp-content\/uploads\/2026\/02\/Seira_IC1_White.png","width":1417,"height":531,"caption":"Fundaci\u00f3 SEIRA"},"image":{"@id":"https:\/\/fundacioseira.coop\/es\/#\/schema\/logo\/image\/"}},{"@type":"Person","@id":"https:\/\/fundacioseira.coop\/es\/#\/schema\/person\/c9ef82933a2e0d82baf8edc55f1c6027","name":"Marta Seira","image":{"@type":"ImageObject","inLanguage":"es","@id":"https:\/\/secure.gravatar.com\/avatar\/feeee7e53723e2f9099f75a4a0b9deb1f888b5256e7e04efbaae7deca7142bbb?s=96&d=mm&r=g","url":"https:\/\/secure.gravatar.com\/avatar\/feeee7e53723e2f9099f75a4a0b9deb1f888b5256e7e04efbaae7deca7142bbb?s=96&d=mm&r=g","contentUrl":"https:\/\/secure.gravatar.com\/avatar\/feeee7e53723e2f9099f75a4a0b9deb1f888b5256e7e04efbaae7deca7142bbb?s=96&d=mm&r=g","caption":"Marta Seira"}}]}},"_links":{"self":[{"href":"https:\/\/fundacioseira.coop\/es\/wp-json\/wp\/v2\/posts\/2178","targetHints":{"allow":["GET"]}}],"collection":[{"href":"https:\/\/fundacioseira.coop\/es\/wp-json\/wp\/v2\/posts"}],"about":[{"href":"https:\/\/fundacioseira.coop\/es\/wp-json\/wp\/v2\/types\/post"}],"author":[{"embeddable":true,"href":"https:\/\/fundacioseira.coop\/es\/wp-json\/wp\/v2\/users\/5"}],"replies":[{"embeddable":true,"href":"https:\/\/fundacioseira.coop\/es\/wp-json\/wp\/v2\/comments?post=2178"}],"version-history":[{"count":4,"href":"https:\/\/fundacioseira.coop\/es\/wp-json\/wp\/v2\/posts\/2178\/revisions"}],"predecessor-version":[{"id":2205,"href":"https:\/\/fundacioseira.coop\/es\/wp-json\/wp\/v2\/posts\/2178\/revisions\/2205"}],"wp:featuredmedia":[{"embeddable":true,"href":"https:\/\/fundacioseira.coop\/es\/wp-json\/wp\/v2\/media\/2187"}],"wp:attachment":[{"href":"https:\/\/fundacioseira.coop\/es\/wp-json\/wp\/v2\/media?parent=2178"}],"wp:term":[{"taxonomy":"category","embeddable":true,"href":"https:\/\/fundacioseira.coop\/es\/wp-json\/wp\/v2\/categories?post=2178"},{"taxonomy":"post_tag","embeddable":true,"href":"https:\/\/fundacioseira.coop\/es\/wp-json\/wp\/v2\/tags?post=2178"}],"curies":[{"name":"wp","href":"https:\/\/api.w.org\/{rel}","templated":true}]}}