{"id":2155,"date":"2026-04-17T10:42:13","date_gmt":"2026-04-17T08:42:13","guid":{"rendered":"https:\/\/fundacioseira.coop\/?p=2155"},"modified":"2026-04-17T10:50:00","modified_gmt":"2026-04-17T08:50:00","slug":"seira-impulsa-el-encuentro-de-la-junta-de-febea-en-barcelona-con-el-apoyo-del-ayuntamiento","status":"publish","type":"post","link":"https:\/\/fundacioseira.coop\/es\/seira-impulsa-el-encuentro-de-la-junta-de-febea-en-barcelona-con-el-apoyo-del-ayuntamiento\/","title":{"rendered":"Hito europeo en finanzas \u00e9ticas: Seira e ImpaktEU impulsan Som Mobilitat mediante una operaci\u00f3n pionera"},"content":{"rendered":"<div class=\"wpb-content-wrapper\"><p>[vc_section][vc_row][vc_column][vc_column_text css=\u00bb\u00bb]<span style=\"font-size: inherit;\">Desde Seira Impuls Cooperatiu hemos firmado una operaci\u00f3n de financiaci\u00f3n con la cooperativa <a href=\"https:\/\/sommobilitat.coop\/\">Som Mobilitat<\/a>, conjuntamente con <a href=\"https:\/\/impakteufund.eu\/\">ImpaktEU<\/a>, que representa un hito relevante para las finanzas \u00e9ticas y la movilidad sostenible a escala europea. Esta firma sirve para apoyar el crecimiento de un proyecto cooperativo de referencia y consolidar un modelo de movilidad el\u00e9ctrica compartida, democr\u00e1tica y orientada al bien com\u00fan.<\/span><\/p>\n<div>\n<p><img loading=\"lazy\" decoding=\"async\" class=\"wp-image-2171 aligncenter\" src=\"https:\/\/fundacioseira.coop\/wp-content\/uploads\/2026\/04\/WhatsApp-Image-2026-02-04-at-13.51.44-300x225.jpeg\" alt=\"\" width=\"517\" height=\"388\" srcset=\"https:\/\/fundacioseira.coop\/wp-content\/uploads\/2026\/04\/WhatsApp-Image-2026-02-04-at-13.51.44-300x225.jpeg 300w, https:\/\/fundacioseira.coop\/wp-content\/uploads\/2026\/04\/WhatsApp-Image-2026-02-04-at-13.51.44-1024x768.jpeg 1024w, https:\/\/fundacioseira.coop\/wp-content\/uploads\/2026\/04\/WhatsApp-Image-2026-02-04-at-13.51.44-768x576.jpeg 768w, https:\/\/fundacioseira.coop\/wp-content\/uploads\/2026\/04\/WhatsApp-Image-2026-02-04-at-13.51.44-1536x1152.jpeg 1536w, https:\/\/fundacioseira.coop\/wp-content\/uploads\/2026\/04\/WhatsApp-Image-2026-02-04-at-13.51.44.jpeg 2040w\" sizes=\"auto, (max-width: 517px) 100vw, 517px\" \/><\/p>\n<p>A trav\u00e9s de esta operaci\u00f3n, concedemos un pr\u00e9stamo que permitir\u00e1 a Som Mobilitat ampliar su flota de veh\u00edculos el\u00e9ctricos compartidos y continuar extendiendo sus servicios a la ciudadan\u00eda, instituciones, organizaciones y empresas de todo el territorio. El proyecto contribuye de manera directa a la reducci\u00f3n de emisiones, a la optimizaci\u00f3n de los recursos y a la democratizaci\u00f3n del acceso a la movilidad el\u00e9ctrica.<\/p>\n<p>Esta operaci\u00f3n es una de las primeras de este tipo en la Uni\u00f3n Europea, tanto por su planteamiento como por los instrumentos utilizados, y pone de manifiesto el potencial de la intercooperaci\u00f3n cuando las entidades de la econom\u00eda social y las finanzas \u00e9ticas sumamos esfuerzos para multiplicar el impacto social y ambiental.<\/p>\n<p><img loading=\"lazy\" decoding=\"async\" class=\"wp-image-2172 aligncenter\" src=\"https:\/\/fundacioseira.coop\/wp-content\/uploads\/2026\/04\/WhatsApp-Image-2026-02-04-at-13.51.33-2-e1776415299631-300x201.jpeg\" alt=\"\" width=\"496\" height=\"332\" srcset=\"https:\/\/fundacioseira.coop\/wp-content\/uploads\/2026\/04\/WhatsApp-Image-2026-02-04-at-13.51.33-2-e1776415299631-300x201.jpeg 300w, https:\/\/fundacioseira.coop\/wp-content\/uploads\/2026\/04\/WhatsApp-Image-2026-02-04-at-13.51.33-2-e1776415299631-1024x685.jpeg 1024w, https:\/\/fundacioseira.coop\/wp-content\/uploads\/2026\/04\/WhatsApp-Image-2026-02-04-at-13.51.33-2-e1776415299631-768x514.jpeg 768w, https:\/\/fundacioseira.coop\/wp-content\/uploads\/2026\/04\/WhatsApp-Image-2026-02-04-at-13.51.33-2-e1776415299631.jpeg 1530w\" sizes=\"auto, (max-width: 496px) 100vw, 496px\" \/><\/p>\n<p>Junto con ImpaktEU, hemos estructurado la financiaci\u00f3n mediante instrumentos innovadores adaptados a las necesidades de la econom\u00eda social, como el cuasi capital, que permite aportar recursos a largo plazo sin diluir la gobernanza cooperativa. Estos mecanismos son clave para hacer posible el crecimiento de organizaciones que no operan con capital tradicional, pero que generan un elevado valor social y ambiental. La firma cuenta tambi\u00e9n con el apoyo de <a href=\"https:\/\/www.tandemsocial.coop\/es\/\">Tandem Social<\/a>, entidad especializada en el acompa\u00f1amiento y el desarrollo de proyectos cooperativos, que contribuye a garantizar una operaci\u00f3n alineada con los valores del cooperativismo y las finanzas \u00e9ticas.<\/p>\n<p>Con este acuerdo, reafirmamos la convicci\u00f3n de que la transici\u00f3n hacia una movilidad descarbonizada puede ser cooperativa, comunitaria y democr\u00e1tica, y de que las finanzas sociales desempe\u00f1an un papel fundamental en el impulso de proyectos transformadores, viables y escalables.<\/p>\n<p>Desde Seira Impuls Cooperatiu seguimos avanzando en nuestro compromiso de impulsar iniciativas que pongan a las personas en el centro, fortalezcan la econom\u00eda social y contribuyan activamente a la transformaci\u00f3n del modelo econ\u00f3mico y de movilidad del pa\u00eds.<\/p>\n<\/div>\n<p>[\/vc_column_text][\/vc_column][\/vc_row][\/vc_section]<\/p>\n<\/div>","protected":false},"excerpt":{"rendered":"<p>[vc_section][vc_row][vc_column][vc_column_text css=\u00bb\u00bb]Desde Seira Impuls Cooperatiu hemos firmado una operaci\u00f3n de financiaci\u00f3n con la cooperativa Som Mobilitat, conjuntamente con ImpaktEU, que representa un hito relevante para las finanzas \u00e9ticas y la movilidad sostenible a escala europea. Esta firma sirve para apoyar el crecimiento de un proyecto cooperativo de referencia y consolidar un modelo de movilidad el\u00e9ctrica &#8230; <a title=\"Hito europeo en finanzas \u00e9ticas: Seira e ImpaktEU impulsan Som Mobilitat mediante una operaci\u00f3n pionera\" class=\"read-more\" href=\"https:\/\/fundacioseira.coop\/es\/seira-impulsa-el-encuentro-de-la-junta-de-febea-en-barcelona-con-el-apoyo-del-ayuntamiento\/\" aria-label=\"Leer m\u00e1s sobre Hito europeo en finanzas \u00e9ticas: Seira e ImpaktEU impulsan Som Mobilitat mediante una operaci\u00f3n pionera\">Leer m\u00e1s<\/a><\/p>\n","protected":false},"author":5,"featured_media":2160,"comment_status":"closed","ping_status":"closed","sticky":false,"template":"","format":"standard","meta":{"_acf_changed":false,"footnotes":""},"categories":[28],"tags":[],"class_list":["post-2155","post","type-post","status-publish","format-standard","has-post-thumbnail","hentry","category-noticias","generate-columns","tablet-grid-50","mobile-grid-100","grid-parent","grid-25"],"acf":[],"yoast_head":"<!-- This site is optimized with the Yoast SEO plugin v27.5 - https:\/\/yoast.com\/product\/yoast-seo-wordpress\/ -->\n<title>Hito europeo en finanzas \u00e9ticas: Seira e ImpaktEU impulsan Som Mobilitat mediante una operaci\u00f3n pionera - Fundaci\u00f3 SEIRA<\/title>\n<meta name=\"robots\" content=\"index, follow, max-snippet:-1, max-image-preview:large, max-video-preview:-1\" \/>\n<link rel=\"canonical\" href=\"https:\/\/fundacioseira.coop\/es\/seira-impulsa-el-encuentro-de-la-junta-de-febea-en-barcelona-con-el-apoyo-del-ayuntamiento\/\" \/>\n<meta property=\"og:locale\" content=\"es_ES\" \/>\n<meta property=\"og:type\" content=\"article\" \/>\n<meta property=\"og:title\" content=\"Hito europeo en finanzas \u00e9ticas: Seira e ImpaktEU impulsan Som Mobilitat mediante una operaci\u00f3n pionera - Fundaci\u00f3 SEIRA\" \/>\n<meta property=\"og:description\" content=\"[vc_section][vc_row][vc_column][vc_column_text css=\u00bb\u00bb]Desde Seira Impuls Cooperatiu hemos firmado una operaci\u00f3n de financiaci\u00f3n con la cooperativa Som Mobilitat, conjuntamente con ImpaktEU, que representa un hito relevante para las finanzas \u00e9ticas y la movilidad sostenible a escala europea. Esta firma sirve para apoyar el crecimiento de un proyecto cooperativo de referencia y consolidar un modelo de movilidad el\u00e9ctrica ... Leer m\u00e1s\" \/>\n<meta property=\"og:url\" content=\"https:\/\/fundacioseira.coop\/es\/seira-impulsa-el-encuentro-de-la-junta-de-febea-en-barcelona-con-el-apoyo-del-ayuntamiento\/\" \/>\n<meta property=\"og:site_name\" content=\"Fundaci\u00f3 SEIRA\" \/>\n<meta property=\"article:published_time\" content=\"2026-04-17T08:42:13+00:00\" \/>\n<meta property=\"article:modified_time\" content=\"2026-04-17T08:50:00+00:00\" \/>\n<meta property=\"og:image\" content=\"https:\/\/fundacioseira.coop\/wp-content\/uploads\/2026\/04\/WhatsApp-Image-2026-02-04-at-13.51.35-1.jpeg\" \/>\n\t<meta property=\"og:image:width\" content=\"2040\" \/>\n\t<meta property=\"og:image:height\" content=\"1530\" \/>\n\t<meta property=\"og:image:type\" content=\"image\/jpeg\" \/>\n<meta name=\"author\" content=\"Marta Seira\" \/>\n<meta name=\"twitter:card\" content=\"summary_large_image\" \/>\n<meta name=\"twitter:label1\" content=\"Escrito por\" \/>\n\t<meta name=\"twitter:data1\" content=\"Marta Seira\" \/>\n\t<meta name=\"twitter:label2\" content=\"Tiempo de lectura\" \/>\n\t<meta name=\"twitter:data2\" content=\"3 minutos\" \/>\n<script type=\"application\/ld+json\" class=\"yoast-schema-graph\">{\"@context\":\"https:\\\/\\\/schema.org\",\"@graph\":[{\"@type\":\"Article\",\"@id\":\"https:\\\/\\\/fundacioseira.coop\\\/es\\\/seira-impulsa-el-encuentro-de-la-junta-de-febea-en-barcelona-con-el-apoyo-del-ayuntamiento\\\/#article\",\"isPartOf\":{\"@id\":\"https:\\\/\\\/fundacioseira.coop\\\/es\\\/seira-impulsa-el-encuentro-de-la-junta-de-febea-en-barcelona-con-el-apoyo-del-ayuntamiento\\\/\"},\"author\":{\"name\":\"Marta Seira\",\"@id\":\"https:\\\/\\\/fundacioseira.coop\\\/es\\\/#\\\/schema\\\/person\\\/c9ef82933a2e0d82baf8edc55f1c6027\"},\"headline\":\"Hito europeo en finanzas \u00e9ticas: Seira e ImpaktEU impulsan Som Mobilitat mediante una operaci\u00f3n pionera\",\"datePublished\":\"2026-04-17T08:42:13+00:00\",\"dateModified\":\"2026-04-17T08:50:00+00:00\",\"mainEntityOfPage\":{\"@id\":\"https:\\\/\\\/fundacioseira.coop\\\/es\\\/seira-impulsa-el-encuentro-de-la-junta-de-febea-en-barcelona-con-el-apoyo-del-ayuntamiento\\\/\"},\"wordCount\":417,\"publisher\":{\"@id\":\"https:\\\/\\\/fundacioseira.coop\\\/es\\\/#organization\"},\"image\":{\"@id\":\"https:\\\/\\\/fundacioseira.coop\\\/es\\\/seira-impulsa-el-encuentro-de-la-junta-de-febea-en-barcelona-con-el-apoyo-del-ayuntamiento\\\/#primaryimage\"},\"thumbnailUrl\":\"https:\\\/\\\/fundacioseira.coop\\\/wp-content\\\/uploads\\\/2026\\\/04\\\/WhatsApp-Image-2026-02-04-at-13.51.35-1.jpeg\",\"articleSection\":[\"Noticias\"],\"inLanguage\":\"es\"},{\"@type\":\"WebPage\",\"@id\":\"https:\\\/\\\/fundacioseira.coop\\\/es\\\/seira-impulsa-el-encuentro-de-la-junta-de-febea-en-barcelona-con-el-apoyo-del-ayuntamiento\\\/\",\"url\":\"https:\\\/\\\/fundacioseira.coop\\\/es\\\/seira-impulsa-el-encuentro-de-la-junta-de-febea-en-barcelona-con-el-apoyo-del-ayuntamiento\\\/\",\"name\":\"Hito europeo en finanzas \u00e9ticas: Seira e ImpaktEU impulsan Som Mobilitat mediante una operaci\u00f3n pionera - Fundaci\u00f3 SEIRA\",\"isPartOf\":{\"@id\":\"https:\\\/\\\/fundacioseira.coop\\\/es\\\/#website\"},\"primaryImageOfPage\":{\"@id\":\"https:\\\/\\\/fundacioseira.coop\\\/es\\\/seira-impulsa-el-encuentro-de-la-junta-de-febea-en-barcelona-con-el-apoyo-del-ayuntamiento\\\/#primaryimage\"},\"image\":{\"@id\":\"https:\\\/\\\/fundacioseira.coop\\\/es\\\/seira-impulsa-el-encuentro-de-la-junta-de-febea-en-barcelona-con-el-apoyo-del-ayuntamiento\\\/#primaryimage\"},\"thumbnailUrl\":\"https:\\\/\\\/fundacioseira.coop\\\/wp-content\\\/uploads\\\/2026\\\/04\\\/WhatsApp-Image-2026-02-04-at-13.51.35-1.jpeg\",\"datePublished\":\"2026-04-17T08:42:13+00:00\",\"dateModified\":\"2026-04-17T08:50:00+00:00\",\"breadcrumb\":{\"@id\":\"https:\\\/\\\/fundacioseira.coop\\\/es\\\/seira-impulsa-el-encuentro-de-la-junta-de-febea-en-barcelona-con-el-apoyo-del-ayuntamiento\\\/#breadcrumb\"},\"inLanguage\":\"es\",\"potentialAction\":[{\"@type\":\"ReadAction\",\"target\":[\"https:\\\/\\\/fundacioseira.coop\\\/es\\\/seira-impulsa-el-encuentro-de-la-junta-de-febea-en-barcelona-con-el-apoyo-del-ayuntamiento\\\/\"]}]},{\"@type\":\"ImageObject\",\"inLanguage\":\"es\",\"@id\":\"https:\\\/\\\/fundacioseira.coop\\\/es\\\/seira-impulsa-el-encuentro-de-la-junta-de-febea-en-barcelona-con-el-apoyo-del-ayuntamiento\\\/#primaryimage\",\"url\":\"https:\\\/\\\/fundacioseira.coop\\\/wp-content\\\/uploads\\\/2026\\\/04\\\/WhatsApp-Image-2026-02-04-at-13.51.35-1.jpeg\",\"contentUrl\":\"https:\\\/\\\/fundacioseira.coop\\\/wp-content\\\/uploads\\\/2026\\\/04\\\/WhatsApp-Image-2026-02-04-at-13.51.35-1.jpeg\",\"width\":2040,\"height\":1530},{\"@type\":\"BreadcrumbList\",\"@id\":\"https:\\\/\\\/fundacioseira.coop\\\/es\\\/seira-impulsa-el-encuentro-de-la-junta-de-febea-en-barcelona-con-el-apoyo-del-ayuntamiento\\\/#breadcrumb\",\"itemListElement\":[{\"@type\":\"ListItem\",\"position\":1,\"name\":\"Inici\",\"item\":\"https:\\\/\\\/fundacioseira.coop\\\/es\\\/\"},{\"@type\":\"ListItem\",\"position\":2,\"name\":\"Hito europeo en finanzas \u00e9ticas: Seira e ImpaktEU impulsan Som Mobilitat mediante una operaci\u00f3n pionera\"}]},{\"@type\":\"WebSite\",\"@id\":\"https:\\\/\\\/fundacioseira.coop\\\/es\\\/#website\",\"url\":\"https:\\\/\\\/fundacioseira.coop\\\/es\\\/\",\"name\":\"Fundaci\u00f3 SEIRA\",\"description\":\"\",\"publisher\":{\"@id\":\"https:\\\/\\\/fundacioseira.coop\\\/es\\\/#organization\"},\"potentialAction\":[{\"@type\":\"SearchAction\",\"target\":{\"@type\":\"EntryPoint\",\"urlTemplate\":\"https:\\\/\\\/fundacioseira.coop\\\/es\\\/?s={search_term_string}\"},\"query-input\":{\"@type\":\"PropertyValueSpecification\",\"valueRequired\":true,\"valueName\":\"search_term_string\"}}],\"inLanguage\":\"es\"},{\"@type\":\"Organization\",\"@id\":\"https:\\\/\\\/fundacioseira.coop\\\/es\\\/#organization\",\"name\":\"Fundaci\u00f3 SEIRA\",\"url\":\"https:\\\/\\\/fundacioseira.coop\\\/es\\\/\",\"logo\":{\"@type\":\"ImageObject\",\"inLanguage\":\"es\",\"@id\":\"https:\\\/\\\/fundacioseira.coop\\\/es\\\/#\\\/schema\\\/logo\\\/image\\\/\",\"url\":\"https:\\\/\\\/fundacioseira.coop\\\/wp-content\\\/uploads\\\/2026\\\/02\\\/Seira_IC1_White.png\",\"contentUrl\":\"https:\\\/\\\/fundacioseira.coop\\\/wp-content\\\/uploads\\\/2026\\\/02\\\/Seira_IC1_White.png\",\"width\":1417,\"height\":531,\"caption\":\"Fundaci\u00f3 SEIRA\"},\"image\":{\"@id\":\"https:\\\/\\\/fundacioseira.coop\\\/es\\\/#\\\/schema\\\/logo\\\/image\\\/\"}},{\"@type\":\"Person\",\"@id\":\"https:\\\/\\\/fundacioseira.coop\\\/es\\\/#\\\/schema\\\/person\\\/c9ef82933a2e0d82baf8edc55f1c6027\",\"name\":\"Marta Seira\",\"image\":{\"@type\":\"ImageObject\",\"inLanguage\":\"es\",\"@id\":\"https:\\\/\\\/secure.gravatar.com\\\/avatar\\\/feeee7e53723e2f9099f75a4a0b9deb1f888b5256e7e04efbaae7deca7142bbb?s=96&d=mm&r=g\",\"url\":\"https:\\\/\\\/secure.gravatar.com\\\/avatar\\\/feeee7e53723e2f9099f75a4a0b9deb1f888b5256e7e04efbaae7deca7142bbb?s=96&d=mm&r=g\",\"contentUrl\":\"https:\\\/\\\/secure.gravatar.com\\\/avatar\\\/feeee7e53723e2f9099f75a4a0b9deb1f888b5256e7e04efbaae7deca7142bbb?s=96&d=mm&r=g\",\"caption\":\"Marta Seira\"}}]}<\/script>\n<!-- \/ Yoast SEO plugin. -->","yoast_head_json":{"title":"Hito europeo en finanzas \u00e9ticas: Seira e ImpaktEU impulsan Som Mobilitat mediante una operaci\u00f3n pionera - Fundaci\u00f3 SEIRA","robots":{"index":"index","follow":"follow","max-snippet":"max-snippet:-1","max-image-preview":"max-image-preview:large","max-video-preview":"max-video-preview:-1"},"canonical":"https:\/\/fundacioseira.coop\/es\/seira-impulsa-el-encuentro-de-la-junta-de-febea-en-barcelona-con-el-apoyo-del-ayuntamiento\/","og_locale":"es_ES","og_type":"article","og_title":"Hito europeo en finanzas \u00e9ticas: Seira e ImpaktEU impulsan Som Mobilitat mediante una operaci\u00f3n pionera - Fundaci\u00f3 SEIRA","og_description":"[vc_section][vc_row][vc_column][vc_column_text css=\u00bb\u00bb]Desde Seira Impuls Cooperatiu hemos firmado una operaci\u00f3n de financiaci\u00f3n con la cooperativa Som Mobilitat, conjuntamente con ImpaktEU, que representa un hito relevante para las finanzas \u00e9ticas y la movilidad sostenible a escala europea. Esta firma sirve para apoyar el crecimiento de un proyecto cooperativo de referencia y consolidar un modelo de movilidad el\u00e9ctrica ... Leer m\u00e1s","og_url":"https:\/\/fundacioseira.coop\/es\/seira-impulsa-el-encuentro-de-la-junta-de-febea-en-barcelona-con-el-apoyo-del-ayuntamiento\/","og_site_name":"Fundaci\u00f3 SEIRA","article_published_time":"2026-04-17T08:42:13+00:00","article_modified_time":"2026-04-17T08:50:00+00:00","og_image":[{"width":2040,"height":1530,"url":"https:\/\/fundacioseira.coop\/wp-content\/uploads\/2026\/04\/WhatsApp-Image-2026-02-04-at-13.51.35-1.jpeg","type":"image\/jpeg"}],"author":"Marta Seira","twitter_card":"summary_large_image","twitter_misc":{"Escrito por":"Marta Seira","Tiempo de lectura":"3 minutos"},"schema":{"@context":"https:\/\/schema.org","@graph":[{"@type":"Article","@id":"https:\/\/fundacioseira.coop\/es\/seira-impulsa-el-encuentro-de-la-junta-de-febea-en-barcelona-con-el-apoyo-del-ayuntamiento\/#article","isPartOf":{"@id":"https:\/\/fundacioseira.coop\/es\/seira-impulsa-el-encuentro-de-la-junta-de-febea-en-barcelona-con-el-apoyo-del-ayuntamiento\/"},"author":{"name":"Marta Seira","@id":"https:\/\/fundacioseira.coop\/es\/#\/schema\/person\/c9ef82933a2e0d82baf8edc55f1c6027"},"headline":"Hito europeo en finanzas \u00e9ticas: Seira e ImpaktEU impulsan Som Mobilitat mediante una operaci\u00f3n pionera","datePublished":"2026-04-17T08:42:13+00:00","dateModified":"2026-04-17T08:50:00+00:00","mainEntityOfPage":{"@id":"https:\/\/fundacioseira.coop\/es\/seira-impulsa-el-encuentro-de-la-junta-de-febea-en-barcelona-con-el-apoyo-del-ayuntamiento\/"},"wordCount":417,"publisher":{"@id":"https:\/\/fundacioseira.coop\/es\/#organization"},"image":{"@id":"https:\/\/fundacioseira.coop\/es\/seira-impulsa-el-encuentro-de-la-junta-de-febea-en-barcelona-con-el-apoyo-del-ayuntamiento\/#primaryimage"},"thumbnailUrl":"https:\/\/fundacioseira.coop\/wp-content\/uploads\/2026\/04\/WhatsApp-Image-2026-02-04-at-13.51.35-1.jpeg","articleSection":["Noticias"],"inLanguage":"es"},{"@type":"WebPage","@id":"https:\/\/fundacioseira.coop\/es\/seira-impulsa-el-encuentro-de-la-junta-de-febea-en-barcelona-con-el-apoyo-del-ayuntamiento\/","url":"https:\/\/fundacioseira.coop\/es\/seira-impulsa-el-encuentro-de-la-junta-de-febea-en-barcelona-con-el-apoyo-del-ayuntamiento\/","name":"Hito europeo en finanzas \u00e9ticas: Seira e ImpaktEU impulsan Som Mobilitat mediante una operaci\u00f3n pionera - Fundaci\u00f3 SEIRA","isPartOf":{"@id":"https:\/\/fundacioseira.coop\/es\/#website"},"primaryImageOfPage":{"@id":"https:\/\/fundacioseira.coop\/es\/seira-impulsa-el-encuentro-de-la-junta-de-febea-en-barcelona-con-el-apoyo-del-ayuntamiento\/#primaryimage"},"image":{"@id":"https:\/\/fundacioseira.coop\/es\/seira-impulsa-el-encuentro-de-la-junta-de-febea-en-barcelona-con-el-apoyo-del-ayuntamiento\/#primaryimage"},"thumbnailUrl":"https:\/\/fundacioseira.coop\/wp-content\/uploads\/2026\/04\/WhatsApp-Image-2026-02-04-at-13.51.35-1.jpeg","datePublished":"2026-04-17T08:42:13+00:00","dateModified":"2026-04-17T08:50:00+00:00","breadcrumb":{"@id":"https:\/\/fundacioseira.coop\/es\/seira-impulsa-el-encuentro-de-la-junta-de-febea-en-barcelona-con-el-apoyo-del-ayuntamiento\/#breadcrumb"},"inLanguage":"es","potentialAction":[{"@type":"ReadAction","target":["https:\/\/fundacioseira.coop\/es\/seira-impulsa-el-encuentro-de-la-junta-de-febea-en-barcelona-con-el-apoyo-del-ayuntamiento\/"]}]},{"@type":"ImageObject","inLanguage":"es","@id":"https:\/\/fundacioseira.coop\/es\/seira-impulsa-el-encuentro-de-la-junta-de-febea-en-barcelona-con-el-apoyo-del-ayuntamiento\/#primaryimage","url":"https:\/\/fundacioseira.coop\/wp-content\/uploads\/2026\/04\/WhatsApp-Image-2026-02-04-at-13.51.35-1.jpeg","contentUrl":"https:\/\/fundacioseira.coop\/wp-content\/uploads\/2026\/04\/WhatsApp-Image-2026-02-04-at-13.51.35-1.jpeg","width":2040,"height":1530},{"@type":"BreadcrumbList","@id":"https:\/\/fundacioseira.coop\/es\/seira-impulsa-el-encuentro-de-la-junta-de-febea-en-barcelona-con-el-apoyo-del-ayuntamiento\/#breadcrumb","itemListElement":[{"@type":"ListItem","position":1,"name":"Inici","item":"https:\/\/fundacioseira.coop\/es\/"},{"@type":"ListItem","position":2,"name":"Hito europeo en finanzas \u00e9ticas: Seira e ImpaktEU impulsan Som Mobilitat mediante una operaci\u00f3n pionera"}]},{"@type":"WebSite","@id":"https:\/\/fundacioseira.coop\/es\/#website","url":"https:\/\/fundacioseira.coop\/es\/","name":"Fundaci\u00f3 SEIRA","description":"","publisher":{"@id":"https:\/\/fundacioseira.coop\/es\/#organization"},"potentialAction":[{"@type":"SearchAction","target":{"@type":"EntryPoint","urlTemplate":"https:\/\/fundacioseira.coop\/es\/?s={search_term_string}"},"query-input":{"@type":"PropertyValueSpecification","valueRequired":true,"valueName":"search_term_string"}}],"inLanguage":"es"},{"@type":"Organization","@id":"https:\/\/fundacioseira.coop\/es\/#organization","name":"Fundaci\u00f3 SEIRA","url":"https:\/\/fundacioseira.coop\/es\/","logo":{"@type":"ImageObject","inLanguage":"es","@id":"https:\/\/fundacioseira.coop\/es\/#\/schema\/logo\/image\/","url":"https:\/\/fundacioseira.coop\/wp-content\/uploads\/2026\/02\/Seira_IC1_White.png","contentUrl":"https:\/\/fundacioseira.coop\/wp-content\/uploads\/2026\/02\/Seira_IC1_White.png","width":1417,"height":531,"caption":"Fundaci\u00f3 SEIRA"},"image":{"@id":"https:\/\/fundacioseira.coop\/es\/#\/schema\/logo\/image\/"}},{"@type":"Person","@id":"https:\/\/fundacioseira.coop\/es\/#\/schema\/person\/c9ef82933a2e0d82baf8edc55f1c6027","name":"Marta Seira","image":{"@type":"ImageObject","inLanguage":"es","@id":"https:\/\/secure.gravatar.com\/avatar\/feeee7e53723e2f9099f75a4a0b9deb1f888b5256e7e04efbaae7deca7142bbb?s=96&d=mm&r=g","url":"https:\/\/secure.gravatar.com\/avatar\/feeee7e53723e2f9099f75a4a0b9deb1f888b5256e7e04efbaae7deca7142bbb?s=96&d=mm&r=g","contentUrl":"https:\/\/secure.gravatar.com\/avatar\/feeee7e53723e2f9099f75a4a0b9deb1f888b5256e7e04efbaae7deca7142bbb?s=96&d=mm&r=g","caption":"Marta Seira"}}]}},"_links":{"self":[{"href":"https:\/\/fundacioseira.coop\/es\/wp-json\/wp\/v2\/posts\/2155","targetHints":{"allow":["GET"]}}],"collection":[{"href":"https:\/\/fundacioseira.coop\/es\/wp-json\/wp\/v2\/posts"}],"about":[{"href":"https:\/\/fundacioseira.coop\/es\/wp-json\/wp\/v2\/types\/post"}],"author":[{"embeddable":true,"href":"https:\/\/fundacioseira.coop\/es\/wp-json\/wp\/v2\/users\/5"}],"replies":[{"embeddable":true,"href":"https:\/\/fundacioseira.coop\/es\/wp-json\/wp\/v2\/comments?post=2155"}],"version-history":[{"count":3,"href":"https:\/\/fundacioseira.coop\/es\/wp-json\/wp\/v2\/posts\/2155\/revisions"}],"predecessor-version":[{"id":2175,"href":"https:\/\/fundacioseira.coop\/es\/wp-json\/wp\/v2\/posts\/2155\/revisions\/2175"}],"wp:featuredmedia":[{"embeddable":true,"href":"https:\/\/fundacioseira.coop\/es\/wp-json\/wp\/v2\/media\/2160"}],"wp:attachment":[{"href":"https:\/\/fundacioseira.coop\/es\/wp-json\/wp\/v2\/media?parent=2155"}],"wp:term":[{"taxonomy":"category","embeddable":true,"href":"https:\/\/fundacioseira.coop\/es\/wp-json\/wp\/v2\/categories?post=2155"},{"taxonomy":"post_tag","embeddable":true,"href":"https:\/\/fundacioseira.coop\/es\/wp-json\/wp\/v2\/tags?post=2155"}],"curies":[{"name":"wp","href":"https:\/\/api.w.org\/{rel}","templated":true}]}}