{"id":2127,"date":"2026-04-17T10:19:55","date_gmt":"2026-04-17T08:19:55","guid":{"rendered":"https:\/\/fundacioseira.coop\/?p=2127"},"modified":"2026-04-17T10:30:44","modified_gmt":"2026-04-17T08:30:44","slug":"primer-caso-de-exito-del-nuevo-instrumento-financiero-impulsado-por-som-audiovisual-y-seira-la-colaboracion-entre-clack-audiovisual-y-qualia","status":"publish","type":"post","link":"https:\/\/fundacioseira.coop\/es\/primer-caso-de-exito-del-nuevo-instrumento-financiero-impulsado-por-som-audiovisual-y-seira-la-colaboracion-entre-clack-audiovisual-y-qualia\/","title":{"rendered":"Seira impulsa el encuentro de la junta de FEBEA en Barcelona con el apoyo del Ayuntamiento"},"content":{"rendered":"<div class=\"wpb-content-wrapper\"><p>[vc_section][vc_row][vc_column][vc_column_text css=\u00bb\u00bb]<span style=\"font-size: inherit;\">Recientemente, acogimos en Barcelona la reuni\u00f3n de la junta directiva de <a href=\"https:\/\/febea.org\/\">FEBEA (Federaci\u00f3n Europea de Bancos y Financieros \u00c9ticos y Alternativos)<\/a>, un encuentro que sirvi\u00f3 para poner en valor la solidez y la diversidad del ecosistema de finanzas \u00e9ticas de la ciudad, as\u00ed como el papel estrat\u00e9gico que desempe\u00f1an las iniciativas de la econom\u00eda social y cooperativa. La reuni\u00f3n se celebr\u00f3 en <a href=\"https:\/\/bloc4.coop\/\">Bloc4BCN \u2013 Espai Cooperatiu<\/a>, un equipamiento de referencia para el cooperativismo y las finanzas sociales, y permiti\u00f3 a las entidades miembros de FEBEA conocer de primera mano el modelo de finanzas \u00e9ticas que se impulsa en Barcelona, basado en el arraigo territorial, la colaboraci\u00f3n p\u00fablico\u2011comunitaria y el compromiso con el impacto social.<\/span><\/p>\n<div>\n<p><img loading=\"lazy\" decoding=\"async\" class=\"wp-image-2146 aligncenter\" src=\"https:\/\/fundacioseira.coop\/wp-content\/uploads\/2026\/04\/IMG_4271-1-300x200.jpg\" alt=\"\" width=\"479\" height=\"319\" srcset=\"https:\/\/fundacioseira.coop\/wp-content\/uploads\/2026\/04\/IMG_4271-1-300x200.jpg 300w, https:\/\/fundacioseira.coop\/wp-content\/uploads\/2026\/04\/IMG_4271-1-1024x683.jpg 1024w, https:\/\/fundacioseira.coop\/wp-content\/uploads\/2026\/04\/IMG_4271-1-768x512.jpg 768w, https:\/\/fundacioseira.coop\/wp-content\/uploads\/2026\/04\/IMG_4271-1-1536x1024.jpg 1536w, https:\/\/fundacioseira.coop\/wp-content\/uploads\/2026\/04\/IMG_4271-1-2048x1365.jpg 2048w\" sizes=\"auto, (max-width: 479px) 100vw, 479px\" \/><\/p>\n<p>Desde Seira Impuls Cooperatiu, como entidad anfitriona y miembro de FEBEA, compartimos nuestra trayectoria y la labor que desarrollamos para facilitar el acceso a la financiaci\u00f3n de cooperativas y otras iniciativas de la econom\u00eda social, mediante instrumentos alineados con criterios sociales, ambientales y de sostenibilidad econ\u00f3mica. El encuentro fue tambi\u00e9n una buena oportunidad para intercambiar experiencias con otras entidades europeas y reflexionar conjuntamente sobre los retos actuales de las finanzas \u00e9ticas.<\/p>\n<p><img loading=\"lazy\" decoding=\"async\" class=\" wp-image-2147 aligncenter\" src=\"https:\/\/fundacioseira.coop\/wp-content\/uploads\/2026\/04\/IMG_4273-2-300x200.jpg\" alt=\"\" width=\"481\" height=\"320\" srcset=\"https:\/\/fundacioseira.coop\/wp-content\/uploads\/2026\/04\/IMG_4273-2-300x200.jpg 300w, https:\/\/fundacioseira.coop\/wp-content\/uploads\/2026\/04\/IMG_4273-2-1024x683.jpg 1024w, https:\/\/fundacioseira.coop\/wp-content\/uploads\/2026\/04\/IMG_4273-2-768x512.jpg 768w, https:\/\/fundacioseira.coop\/wp-content\/uploads\/2026\/04\/IMG_4273-2-1536x1024.jpg 1536w, https:\/\/fundacioseira.coop\/wp-content\/uploads\/2026\/04\/IMG_4273-2-2048x1365.jpg 2048w\" sizes=\"auto, (max-width: 481px) 100vw, 481px\" \/><\/p>\n<p>Durante la visita, pusimos en valor nuestro papel como herramienta financiera al servicio del cooperativismo, estrechamente vinculada a la <a href=\"https:\/\/www.cooperativestreball.coop\/\">Federaci\u00f3n de Cooperativas de Trabajo de Catalu\u00f1a<\/a>, as\u00ed como nuestra contribuci\u00f3n al fortalecimiento y la consolidaci\u00f3n del ecosistema de finanzas sociales de Barcelona y de Catalu\u00f1a. Este espacio de intercambio permiti\u00f3 reforzar alianzas estrat\u00e9gicas y seguir construyendo red con actores europeos que comparten valores y visi\u00f3n.<\/p>\n<p>El encuentro tambi\u00e9n puso de manifiesto la importancia del apoyo institucional del <a href=\"https:\/\/www.barcelona.cat\/ca\">Ayuntamiento de Barcelona<\/a> a las finanzas \u00e9ticas, en el marco de la <a href=\"https:\/\/ajuntament.barcelona.cat\/economia-social-solidaria\/es\/estrategia-essbcn2030\/que-es-la-estrategia-2030\">Estrategia de la Econom\u00eda Social y Solidaria #ESSBCN2030<\/a>, que promueve pol\u00edticas p\u00fablicas e instrumentos financieros orientados a impulsar proyectos con impacto social y cooperativo.<\/p>\n<p>Para nosotros, la visita de la junta de FEBEA a Barcelona represent\u00f3 una oportunidad clave para seguir proyectando el modelo catal\u00e1n de finanzas \u00e9ticas a escala europea, reforzar la cooperaci\u00f3n internacional y continuar trabajando para situar a las cooperativas y a la econom\u00eda social como agentes esenciales en la transformaci\u00f3n del sistema financiero.<\/p>\n<\/div>\n<p>[\/vc_column_text][\/vc_column][\/vc_row][\/vc_section]<\/p>\n<\/div>","protected":false},"excerpt":{"rendered":"<p>[vc_section][vc_row][vc_column][vc_column_text css=\u00bb\u00bb]Recientemente, acogimos en Barcelona la reuni\u00f3n de la junta directiva de FEBEA (Federaci\u00f3n Europea de Bancos y Financieros \u00c9ticos y Alternativos), un encuentro que sirvi\u00f3 para poner en valor la solidez y la diversidad del ecosistema de finanzas \u00e9ticas de la ciudad, as\u00ed como el papel estrat\u00e9gico que desempe\u00f1an las iniciativas de la econom\u00eda &#8230; <a title=\"Seira impulsa el encuentro de la junta de FEBEA en Barcelona con el apoyo del Ayuntamiento\" class=\"read-more\" href=\"https:\/\/fundacioseira.coop\/es\/primer-caso-de-exito-del-nuevo-instrumento-financiero-impulsado-por-som-audiovisual-y-seira-la-colaboracion-entre-clack-audiovisual-y-qualia\/\" aria-label=\"Leer m\u00e1s sobre Seira impulsa el encuentro de la junta de FEBEA en Barcelona con el apoyo del Ayuntamiento\">Leer m\u00e1s<\/a><\/p>\n","protected":false},"author":5,"featured_media":2132,"comment_status":"closed","ping_status":"closed","sticky":false,"template":"","format":"standard","meta":{"_acf_changed":false,"footnotes":""},"categories":[28],"tags":[],"class_list":["post-2127","post","type-post","status-publish","format-standard","has-post-thumbnail","hentry","category-noticias","generate-columns","tablet-grid-50","mobile-grid-100","grid-parent","grid-25"],"acf":[],"yoast_head":"<!-- This site is optimized with the Yoast SEO plugin v27.5 - https:\/\/yoast.com\/product\/yoast-seo-wordpress\/ -->\n<title>Seira impulsa el encuentro de la junta de FEBEA en Barcelona con el apoyo del Ayuntamiento - Fundaci\u00f3 SEIRA<\/title>\n<meta name=\"robots\" content=\"index, follow, max-snippet:-1, max-image-preview:large, max-video-preview:-1\" \/>\n<link rel=\"canonical\" href=\"https:\/\/fundacioseira.coop\/es\/primer-caso-de-exito-del-nuevo-instrumento-financiero-impulsado-por-som-audiovisual-y-seira-la-colaboracion-entre-clack-audiovisual-y-qualia\/\" \/>\n<meta property=\"og:locale\" content=\"es_ES\" \/>\n<meta property=\"og:type\" content=\"article\" \/>\n<meta property=\"og:title\" content=\"Seira impulsa el encuentro de la junta de FEBEA en Barcelona con el apoyo del Ayuntamiento - Fundaci\u00f3 SEIRA\" \/>\n<meta property=\"og:description\" content=\"[vc_section][vc_row][vc_column][vc_column_text css=\u00bb\u00bb]Recientemente, acogimos en Barcelona la reuni\u00f3n de la junta directiva de FEBEA (Federaci\u00f3n Europea de Bancos y Financieros \u00c9ticos y Alternativos), un encuentro que sirvi\u00f3 para poner en valor la solidez y la diversidad del ecosistema de finanzas \u00e9ticas de la ciudad, as\u00ed como el papel estrat\u00e9gico que desempe\u00f1an las iniciativas de la econom\u00eda ... Leer m\u00e1s\" \/>\n<meta property=\"og:url\" content=\"https:\/\/fundacioseira.coop\/es\/primer-caso-de-exito-del-nuevo-instrumento-financiero-impulsado-por-som-audiovisual-y-seira-la-colaboracion-entre-clack-audiovisual-y-qualia\/\" \/>\n<meta property=\"og:site_name\" content=\"Fundaci\u00f3 SEIRA\" \/>\n<meta property=\"article:published_time\" content=\"2026-04-17T08:19:55+00:00\" \/>\n<meta property=\"article:modified_time\" content=\"2026-04-17T08:30:44+00:00\" \/>\n<meta property=\"og:image\" content=\"https:\/\/fundacioseira.coop\/wp-content\/uploads\/2026\/04\/IMG_4284-scaled.jpg\" \/>\n\t<meta property=\"og:image:width\" content=\"2560\" \/>\n\t<meta property=\"og:image:height\" content=\"1707\" \/>\n\t<meta property=\"og:image:type\" content=\"image\/jpeg\" \/>\n<meta name=\"author\" content=\"Marta Seira\" \/>\n<meta name=\"twitter:card\" content=\"summary_large_image\" \/>\n<meta name=\"twitter:label1\" content=\"Escrito por\" \/>\n\t<meta name=\"twitter:data1\" content=\"Marta Seira\" \/>\n\t<meta name=\"twitter:label2\" content=\"Tiempo de lectura\" \/>\n\t<meta name=\"twitter:data2\" content=\"3 minutos\" \/>\n<script type=\"application\/ld+json\" class=\"yoast-schema-graph\">{\"@context\":\"https:\\\/\\\/schema.org\",\"@graph\":[{\"@type\":\"Article\",\"@id\":\"https:\\\/\\\/fundacioseira.coop\\\/es\\\/primer-caso-de-exito-del-nuevo-instrumento-financiero-impulsado-por-som-audiovisual-y-seira-la-colaboracion-entre-clack-audiovisual-y-qualia\\\/#article\",\"isPartOf\":{\"@id\":\"https:\\\/\\\/fundacioseira.coop\\\/es\\\/primer-caso-de-exito-del-nuevo-instrumento-financiero-impulsado-por-som-audiovisual-y-seira-la-colaboracion-entre-clack-audiovisual-y-qualia\\\/\"},\"author\":{\"name\":\"Marta Seira\",\"@id\":\"https:\\\/\\\/fundacioseira.coop\\\/es\\\/#\\\/schema\\\/person\\\/c9ef82933a2e0d82baf8edc55f1c6027\"},\"headline\":\"Seira impulsa el encuentro de la junta de FEBEA en Barcelona con el apoyo del Ayuntamiento\",\"datePublished\":\"2026-04-17T08:19:55+00:00\",\"dateModified\":\"2026-04-17T08:30:44+00:00\",\"mainEntityOfPage\":{\"@id\":\"https:\\\/\\\/fundacioseira.coop\\\/es\\\/primer-caso-de-exito-del-nuevo-instrumento-financiero-impulsado-por-som-audiovisual-y-seira-la-colaboracion-entre-clack-audiovisual-y-qualia\\\/\"},\"wordCount\":414,\"publisher\":{\"@id\":\"https:\\\/\\\/fundacioseira.coop\\\/es\\\/#organization\"},\"image\":{\"@id\":\"https:\\\/\\\/fundacioseira.coop\\\/es\\\/primer-caso-de-exito-del-nuevo-instrumento-financiero-impulsado-por-som-audiovisual-y-seira-la-colaboracion-entre-clack-audiovisual-y-qualia\\\/#primaryimage\"},\"thumbnailUrl\":\"https:\\\/\\\/fundacioseira.coop\\\/wp-content\\\/uploads\\\/2026\\\/04\\\/IMG_4284-scaled.jpg\",\"articleSection\":[\"Noticias\"],\"inLanguage\":\"es\"},{\"@type\":\"WebPage\",\"@id\":\"https:\\\/\\\/fundacioseira.coop\\\/es\\\/primer-caso-de-exito-del-nuevo-instrumento-financiero-impulsado-por-som-audiovisual-y-seira-la-colaboracion-entre-clack-audiovisual-y-qualia\\\/\",\"url\":\"https:\\\/\\\/fundacioseira.coop\\\/es\\\/primer-caso-de-exito-del-nuevo-instrumento-financiero-impulsado-por-som-audiovisual-y-seira-la-colaboracion-entre-clack-audiovisual-y-qualia\\\/\",\"name\":\"Seira impulsa el encuentro de la junta de FEBEA en Barcelona con el apoyo del Ayuntamiento - Fundaci\u00f3 SEIRA\",\"isPartOf\":{\"@id\":\"https:\\\/\\\/fundacioseira.coop\\\/es\\\/#website\"},\"primaryImageOfPage\":{\"@id\":\"https:\\\/\\\/fundacioseira.coop\\\/es\\\/primer-caso-de-exito-del-nuevo-instrumento-financiero-impulsado-por-som-audiovisual-y-seira-la-colaboracion-entre-clack-audiovisual-y-qualia\\\/#primaryimage\"},\"image\":{\"@id\":\"https:\\\/\\\/fundacioseira.coop\\\/es\\\/primer-caso-de-exito-del-nuevo-instrumento-financiero-impulsado-por-som-audiovisual-y-seira-la-colaboracion-entre-clack-audiovisual-y-qualia\\\/#primaryimage\"},\"thumbnailUrl\":\"https:\\\/\\\/fundacioseira.coop\\\/wp-content\\\/uploads\\\/2026\\\/04\\\/IMG_4284-scaled.jpg\",\"datePublished\":\"2026-04-17T08:19:55+00:00\",\"dateModified\":\"2026-04-17T08:30:44+00:00\",\"breadcrumb\":{\"@id\":\"https:\\\/\\\/fundacioseira.coop\\\/es\\\/primer-caso-de-exito-del-nuevo-instrumento-financiero-impulsado-por-som-audiovisual-y-seira-la-colaboracion-entre-clack-audiovisual-y-qualia\\\/#breadcrumb\"},\"inLanguage\":\"es\",\"potentialAction\":[{\"@type\":\"ReadAction\",\"target\":[\"https:\\\/\\\/fundacioseira.coop\\\/es\\\/primer-caso-de-exito-del-nuevo-instrumento-financiero-impulsado-por-som-audiovisual-y-seira-la-colaboracion-entre-clack-audiovisual-y-qualia\\\/\"]}]},{\"@type\":\"ImageObject\",\"inLanguage\":\"es\",\"@id\":\"https:\\\/\\\/fundacioseira.coop\\\/es\\\/primer-caso-de-exito-del-nuevo-instrumento-financiero-impulsado-por-som-audiovisual-y-seira-la-colaboracion-entre-clack-audiovisual-y-qualia\\\/#primaryimage\",\"url\":\"https:\\\/\\\/fundacioseira.coop\\\/wp-content\\\/uploads\\\/2026\\\/04\\\/IMG_4284-scaled.jpg\",\"contentUrl\":\"https:\\\/\\\/fundacioseira.coop\\\/wp-content\\\/uploads\\\/2026\\\/04\\\/IMG_4284-scaled.jpg\",\"width\":2560,\"height\":1707},{\"@type\":\"BreadcrumbList\",\"@id\":\"https:\\\/\\\/fundacioseira.coop\\\/es\\\/primer-caso-de-exito-del-nuevo-instrumento-financiero-impulsado-por-som-audiovisual-y-seira-la-colaboracion-entre-clack-audiovisual-y-qualia\\\/#breadcrumb\",\"itemListElement\":[{\"@type\":\"ListItem\",\"position\":1,\"name\":\"Inici\",\"item\":\"https:\\\/\\\/fundacioseira.coop\\\/es\\\/\"},{\"@type\":\"ListItem\",\"position\":2,\"name\":\"Seira impulsa el encuentro de la junta de FEBEA en Barcelona con el apoyo del Ayuntamiento\"}]},{\"@type\":\"WebSite\",\"@id\":\"https:\\\/\\\/fundacioseira.coop\\\/es\\\/#website\",\"url\":\"https:\\\/\\\/fundacioseira.coop\\\/es\\\/\",\"name\":\"Fundaci\u00f3 SEIRA\",\"description\":\"\",\"publisher\":{\"@id\":\"https:\\\/\\\/fundacioseira.coop\\\/es\\\/#organization\"},\"potentialAction\":[{\"@type\":\"SearchAction\",\"target\":{\"@type\":\"EntryPoint\",\"urlTemplate\":\"https:\\\/\\\/fundacioseira.coop\\\/es\\\/?s={search_term_string}\"},\"query-input\":{\"@type\":\"PropertyValueSpecification\",\"valueRequired\":true,\"valueName\":\"search_term_string\"}}],\"inLanguage\":\"es\"},{\"@type\":\"Organization\",\"@id\":\"https:\\\/\\\/fundacioseira.coop\\\/es\\\/#organization\",\"name\":\"Fundaci\u00f3 SEIRA\",\"url\":\"https:\\\/\\\/fundacioseira.coop\\\/es\\\/\",\"logo\":{\"@type\":\"ImageObject\",\"inLanguage\":\"es\",\"@id\":\"https:\\\/\\\/fundacioseira.coop\\\/es\\\/#\\\/schema\\\/logo\\\/image\\\/\",\"url\":\"https:\\\/\\\/fundacioseira.coop\\\/wp-content\\\/uploads\\\/2026\\\/02\\\/Seira_IC1_White.png\",\"contentUrl\":\"https:\\\/\\\/fundacioseira.coop\\\/wp-content\\\/uploads\\\/2026\\\/02\\\/Seira_IC1_White.png\",\"width\":1417,\"height\":531,\"caption\":\"Fundaci\u00f3 SEIRA\"},\"image\":{\"@id\":\"https:\\\/\\\/fundacioseira.coop\\\/es\\\/#\\\/schema\\\/logo\\\/image\\\/\"}},{\"@type\":\"Person\",\"@id\":\"https:\\\/\\\/fundacioseira.coop\\\/es\\\/#\\\/schema\\\/person\\\/c9ef82933a2e0d82baf8edc55f1c6027\",\"name\":\"Marta Seira\",\"image\":{\"@type\":\"ImageObject\",\"inLanguage\":\"es\",\"@id\":\"https:\\\/\\\/secure.gravatar.com\\\/avatar\\\/feeee7e53723e2f9099f75a4a0b9deb1f888b5256e7e04efbaae7deca7142bbb?s=96&d=mm&r=g\",\"url\":\"https:\\\/\\\/secure.gravatar.com\\\/avatar\\\/feeee7e53723e2f9099f75a4a0b9deb1f888b5256e7e04efbaae7deca7142bbb?s=96&d=mm&r=g\",\"contentUrl\":\"https:\\\/\\\/secure.gravatar.com\\\/avatar\\\/feeee7e53723e2f9099f75a4a0b9deb1f888b5256e7e04efbaae7deca7142bbb?s=96&d=mm&r=g\",\"caption\":\"Marta Seira\"}}]}<\/script>\n<!-- \/ Yoast SEO plugin. -->","yoast_head_json":{"title":"Seira impulsa el encuentro de la junta de FEBEA en Barcelona con el apoyo del Ayuntamiento - Fundaci\u00f3 SEIRA","robots":{"index":"index","follow":"follow","max-snippet":"max-snippet:-1","max-image-preview":"max-image-preview:large","max-video-preview":"max-video-preview:-1"},"canonical":"https:\/\/fundacioseira.coop\/es\/primer-caso-de-exito-del-nuevo-instrumento-financiero-impulsado-por-som-audiovisual-y-seira-la-colaboracion-entre-clack-audiovisual-y-qualia\/","og_locale":"es_ES","og_type":"article","og_title":"Seira impulsa el encuentro de la junta de FEBEA en Barcelona con el apoyo del Ayuntamiento - Fundaci\u00f3 SEIRA","og_description":"[vc_section][vc_row][vc_column][vc_column_text css=\u00bb\u00bb]Recientemente, acogimos en Barcelona la reuni\u00f3n de la junta directiva de FEBEA (Federaci\u00f3n Europea de Bancos y Financieros \u00c9ticos y Alternativos), un encuentro que sirvi\u00f3 para poner en valor la solidez y la diversidad del ecosistema de finanzas \u00e9ticas de la ciudad, as\u00ed como el papel estrat\u00e9gico que desempe\u00f1an las iniciativas de la econom\u00eda ... Leer m\u00e1s","og_url":"https:\/\/fundacioseira.coop\/es\/primer-caso-de-exito-del-nuevo-instrumento-financiero-impulsado-por-som-audiovisual-y-seira-la-colaboracion-entre-clack-audiovisual-y-qualia\/","og_site_name":"Fundaci\u00f3 SEIRA","article_published_time":"2026-04-17T08:19:55+00:00","article_modified_time":"2026-04-17T08:30:44+00:00","og_image":[{"width":2560,"height":1707,"url":"https:\/\/fundacioseira.coop\/wp-content\/uploads\/2026\/04\/IMG_4284-scaled.jpg","type":"image\/jpeg"}],"author":"Marta Seira","twitter_card":"summary_large_image","twitter_misc":{"Escrito por":"Marta Seira","Tiempo de lectura":"3 minutos"},"schema":{"@context":"https:\/\/schema.org","@graph":[{"@type":"Article","@id":"https:\/\/fundacioseira.coop\/es\/primer-caso-de-exito-del-nuevo-instrumento-financiero-impulsado-por-som-audiovisual-y-seira-la-colaboracion-entre-clack-audiovisual-y-qualia\/#article","isPartOf":{"@id":"https:\/\/fundacioseira.coop\/es\/primer-caso-de-exito-del-nuevo-instrumento-financiero-impulsado-por-som-audiovisual-y-seira-la-colaboracion-entre-clack-audiovisual-y-qualia\/"},"author":{"name":"Marta Seira","@id":"https:\/\/fundacioseira.coop\/es\/#\/schema\/person\/c9ef82933a2e0d82baf8edc55f1c6027"},"headline":"Seira impulsa el encuentro de la junta de FEBEA en Barcelona con el apoyo del Ayuntamiento","datePublished":"2026-04-17T08:19:55+00:00","dateModified":"2026-04-17T08:30:44+00:00","mainEntityOfPage":{"@id":"https:\/\/fundacioseira.coop\/es\/primer-caso-de-exito-del-nuevo-instrumento-financiero-impulsado-por-som-audiovisual-y-seira-la-colaboracion-entre-clack-audiovisual-y-qualia\/"},"wordCount":414,"publisher":{"@id":"https:\/\/fundacioseira.coop\/es\/#organization"},"image":{"@id":"https:\/\/fundacioseira.coop\/es\/primer-caso-de-exito-del-nuevo-instrumento-financiero-impulsado-por-som-audiovisual-y-seira-la-colaboracion-entre-clack-audiovisual-y-qualia\/#primaryimage"},"thumbnailUrl":"https:\/\/fundacioseira.coop\/wp-content\/uploads\/2026\/04\/IMG_4284-scaled.jpg","articleSection":["Noticias"],"inLanguage":"es"},{"@type":"WebPage","@id":"https:\/\/fundacioseira.coop\/es\/primer-caso-de-exito-del-nuevo-instrumento-financiero-impulsado-por-som-audiovisual-y-seira-la-colaboracion-entre-clack-audiovisual-y-qualia\/","url":"https:\/\/fundacioseira.coop\/es\/primer-caso-de-exito-del-nuevo-instrumento-financiero-impulsado-por-som-audiovisual-y-seira-la-colaboracion-entre-clack-audiovisual-y-qualia\/","name":"Seira impulsa el encuentro de la junta de FEBEA en Barcelona con el apoyo del Ayuntamiento - Fundaci\u00f3 SEIRA","isPartOf":{"@id":"https:\/\/fundacioseira.coop\/es\/#website"},"primaryImageOfPage":{"@id":"https:\/\/fundacioseira.coop\/es\/primer-caso-de-exito-del-nuevo-instrumento-financiero-impulsado-por-som-audiovisual-y-seira-la-colaboracion-entre-clack-audiovisual-y-qualia\/#primaryimage"},"image":{"@id":"https:\/\/fundacioseira.coop\/es\/primer-caso-de-exito-del-nuevo-instrumento-financiero-impulsado-por-som-audiovisual-y-seira-la-colaboracion-entre-clack-audiovisual-y-qualia\/#primaryimage"},"thumbnailUrl":"https:\/\/fundacioseira.coop\/wp-content\/uploads\/2026\/04\/IMG_4284-scaled.jpg","datePublished":"2026-04-17T08:19:55+00:00","dateModified":"2026-04-17T08:30:44+00:00","breadcrumb":{"@id":"https:\/\/fundacioseira.coop\/es\/primer-caso-de-exito-del-nuevo-instrumento-financiero-impulsado-por-som-audiovisual-y-seira-la-colaboracion-entre-clack-audiovisual-y-qualia\/#breadcrumb"},"inLanguage":"es","potentialAction":[{"@type":"ReadAction","target":["https:\/\/fundacioseira.coop\/es\/primer-caso-de-exito-del-nuevo-instrumento-financiero-impulsado-por-som-audiovisual-y-seira-la-colaboracion-entre-clack-audiovisual-y-qualia\/"]}]},{"@type":"ImageObject","inLanguage":"es","@id":"https:\/\/fundacioseira.coop\/es\/primer-caso-de-exito-del-nuevo-instrumento-financiero-impulsado-por-som-audiovisual-y-seira-la-colaboracion-entre-clack-audiovisual-y-qualia\/#primaryimage","url":"https:\/\/fundacioseira.coop\/wp-content\/uploads\/2026\/04\/IMG_4284-scaled.jpg","contentUrl":"https:\/\/fundacioseira.coop\/wp-content\/uploads\/2026\/04\/IMG_4284-scaled.jpg","width":2560,"height":1707},{"@type":"BreadcrumbList","@id":"https:\/\/fundacioseira.coop\/es\/primer-caso-de-exito-del-nuevo-instrumento-financiero-impulsado-por-som-audiovisual-y-seira-la-colaboracion-entre-clack-audiovisual-y-qualia\/#breadcrumb","itemListElement":[{"@type":"ListItem","position":1,"name":"Inici","item":"https:\/\/fundacioseira.coop\/es\/"},{"@type":"ListItem","position":2,"name":"Seira impulsa el encuentro de la junta de FEBEA en Barcelona con el apoyo del Ayuntamiento"}]},{"@type":"WebSite","@id":"https:\/\/fundacioseira.coop\/es\/#website","url":"https:\/\/fundacioseira.coop\/es\/","name":"Fundaci\u00f3 SEIRA","description":"","publisher":{"@id":"https:\/\/fundacioseira.coop\/es\/#organization"},"potentialAction":[{"@type":"SearchAction","target":{"@type":"EntryPoint","urlTemplate":"https:\/\/fundacioseira.coop\/es\/?s={search_term_string}"},"query-input":{"@type":"PropertyValueSpecification","valueRequired":true,"valueName":"search_term_string"}}],"inLanguage":"es"},{"@type":"Organization","@id":"https:\/\/fundacioseira.coop\/es\/#organization","name":"Fundaci\u00f3 SEIRA","url":"https:\/\/fundacioseira.coop\/es\/","logo":{"@type":"ImageObject","inLanguage":"es","@id":"https:\/\/fundacioseira.coop\/es\/#\/schema\/logo\/image\/","url":"https:\/\/fundacioseira.coop\/wp-content\/uploads\/2026\/02\/Seira_IC1_White.png","contentUrl":"https:\/\/fundacioseira.coop\/wp-content\/uploads\/2026\/02\/Seira_IC1_White.png","width":1417,"height":531,"caption":"Fundaci\u00f3 SEIRA"},"image":{"@id":"https:\/\/fundacioseira.coop\/es\/#\/schema\/logo\/image\/"}},{"@type":"Person","@id":"https:\/\/fundacioseira.coop\/es\/#\/schema\/person\/c9ef82933a2e0d82baf8edc55f1c6027","name":"Marta Seira","image":{"@type":"ImageObject","inLanguage":"es","@id":"https:\/\/secure.gravatar.com\/avatar\/feeee7e53723e2f9099f75a4a0b9deb1f888b5256e7e04efbaae7deca7142bbb?s=96&d=mm&r=g","url":"https:\/\/secure.gravatar.com\/avatar\/feeee7e53723e2f9099f75a4a0b9deb1f888b5256e7e04efbaae7deca7142bbb?s=96&d=mm&r=g","contentUrl":"https:\/\/secure.gravatar.com\/avatar\/feeee7e53723e2f9099f75a4a0b9deb1f888b5256e7e04efbaae7deca7142bbb?s=96&d=mm&r=g","caption":"Marta Seira"}}]}},"_links":{"self":[{"href":"https:\/\/fundacioseira.coop\/es\/wp-json\/wp\/v2\/posts\/2127","targetHints":{"allow":["GET"]}}],"collection":[{"href":"https:\/\/fundacioseira.coop\/es\/wp-json\/wp\/v2\/posts"}],"about":[{"href":"https:\/\/fundacioseira.coop\/es\/wp-json\/wp\/v2\/types\/post"}],"author":[{"embeddable":true,"href":"https:\/\/fundacioseira.coop\/es\/wp-json\/wp\/v2\/users\/5"}],"replies":[{"embeddable":true,"href":"https:\/\/fundacioseira.coop\/es\/wp-json\/wp\/v2\/comments?post=2127"}],"version-history":[{"count":3,"href":"https:\/\/fundacioseira.coop\/es\/wp-json\/wp\/v2\/posts\/2127\/revisions"}],"predecessor-version":[{"id":2151,"href":"https:\/\/fundacioseira.coop\/es\/wp-json\/wp\/v2\/posts\/2127\/revisions\/2151"}],"wp:featuredmedia":[{"embeddable":true,"href":"https:\/\/fundacioseira.coop\/es\/wp-json\/wp\/v2\/media\/2132"}],"wp:attachment":[{"href":"https:\/\/fundacioseira.coop\/es\/wp-json\/wp\/v2\/media?parent=2127"}],"wp:term":[{"taxonomy":"category","embeddable":true,"href":"https:\/\/fundacioseira.coop\/es\/wp-json\/wp\/v2\/categories?post=2127"},{"taxonomy":"post_tag","embeddable":true,"href":"https:\/\/fundacioseira.coop\/es\/wp-json\/wp\/v2\/tags?post=2127"}],"curies":[{"name":"wp","href":"https:\/\/api.w.org\/{rel}","templated":true}]}}